{"id":954,"date":"2023-05-17T13:18:21","date_gmt":"2023-05-17T11:18:21","guid":{"rendered":"https:\/\/kopriva.info\/wp\/?p=954"},"modified":"2023-05-17T13:18:21","modified_gmt":"2023-05-17T11:18:21","slug":"osudeni-ratni-zlocinac-iz-zatvora-drzao-predavanje-ucenicima-osnovne-skole","status":"publish","type":"post","link":"https:\/\/kopriva.info\/wp\/2023\/05\/17\/osudeni-ratni-zlocinac-iz-zatvora-drzao-predavanje-ucenicima-osnovne-skole\/","title":{"rendered":"Osu\u0111eni ratni zlo\u010dinac iz zatvora dr\u017eao predavanje u\u010denicima osnovne \u0161kole"},"content":{"rendered":"<p>Osu\u0111eni ratni zlo\u010dinac Neboj\u0161a Pavkovi\u0107 obratio se video vezom u\u010denicima Osnovne \u0161kole  \u201c\u0110ura Jak\u0161i\u0107\u201d u Ka\u0107u, prigradskom naselju kraj Novog Sada. Priredba je organizirana 20. travnja na temu \u201cKo\u0161are: Pri\u010de o herojima\u201d.<br \/>\nZbog gostovanja osu\u0111enog ratnog zlo\u010dinca u \u0161koli Inicijativa mladih za ljudska prava u Srbiji tra\u017ei od Ministarstva prosvjete i obrazovanja da utvrdi odgovornost Verice Leti\u0107, ravnateljice \u0161kole, prenosi 021.<br \/>\nOdgovornost tra\u017ee i od gradona\u010delnika Novog Sada Milana \u0110uri\u0107a, koji se obratio na tom javnom satu i, izme\u0111u ostalog, poru\u010dio da \u0107e Udruga veterana s Ko\u0161ara uvijek imati podr\u0161ku Grada.<br \/>\n\u201cNa\u0161a je zada\u0107a nastaviti \u010duvati uspomenu na heroje s Ko\u0161ara, ali i stvarati prilike i mogu\u0107nosti za bolji \u017eivot njihovih obitelji i branitelja\u201d, rekao je \u0110uri\u0107,<br \/>\nNeboj\u0161a Pavkovi\u0107, biv\u0161i zapovjednik Tre\u0107e armije VJ,  osu\u0111en je na 22 godine zatvora zbog zlo\u010dina protiv \u010dovje\u010dnosti po\u010dinjenih nad Albancima na Kosovu 1999. godine.<br \/>\nU program se uklju\u010dio putem videolinka iz Finske, gdje slu\u017ei zatvorsku kaznu. Na stranici Grada Novog Sada, u izvje\u0161\u0107u s ovog doga\u0111aja, navodi se da su \u201cna javnom satu govorili brojni ratni zapovjednici, generali, umirovljeni pukovnici i potpukovnici, vojnici i drugi, a nazo\u010dne je pozdravio gradona\u010delnik \u0110uri\u0107 koji je istaknuo va\u017enost sje\u0107anja na heroje i pribli\u017eavanja povijesti djeci\u201d.<br \/>\nNigdje se ne navodi da je govorio i Neboj\u0161a Pavkovi\u0107. Na fotografijama se ne vidi da je biv\u0161i zapovjednik bio \u201cprisutan\u201d.<br \/>\n\u201cU svibnju 2022. godine Me\u0111unarodni rezidualni mehanizam za kaznene sudove odbio je Pavkovi\u0107ev zahtjev za prijevremenim pu\u0161tanjem na slobodu zbog velike te\u017eine zlo\u010dina i izostanka rehabilitacije\u201d, navode u Inicijativi mladih za ljudska prava.<br \/>\nPavkovi\u0107 je, dodaju, odgovoran za deportacije, druga ne\u010dovje\u010dna djela (prisilno premje\u0161tanje), ubojstva i progone kao zlo\u010dine protiv \u010dovje\u010dnosti i kaznena djela ubojstva kao kr\u0161enje zakona i obi\u010daja ratovanja.<br \/>\n\u201cZato pozivamo odborni\u010dke grupe u Skup\u0161tini Grada Novog Sada da pokrenu inicijativu za opoziv gradona\u010delnika jer je svojim prisustvom podr\u017eao Pavkovi\u0107evo sudjelovanje u ovom doga\u0111aju i normalizirao predstavljanje ratnog zlo\u010dinca kao heroja pred publikom koja je uklju\u010divala osnovne \u0161kole. u\u010denika\u201d, navodi se u priop\u0107enju Inicijative.<br \/>\nPodsje\u0107aju na brojne revizionisti\u010dke poku\u0161aje i poteze aktualne vlasti predvo\u0111ene predsjednikom Srbije Aleksandrom Vu\u010di\u0107em i premijerkom Srbije Anom Brnabi\u0107. Tako je u travnju 2019. godine u Domu Vojske Srbije u Beogradu, pod pokroviteljstvom Ministarstva obrane, predstavljena knjiga \u201cRatni dnevnik komandanta Tre\u0107e armije VJ \u2013 Tre\u0107a armija u zagrljaju Milosrdni an\u0111eo\u201d, a predstavio je Neboj\u0161a Pavkovi\u0107, koji se prisutnima obratio i snimkom iz zatvora.<br \/>\n\u201cPavkovi\u0107eva knjiga samo je jedno od izdanja edicije \u2018Ratnik\u2019 koju je Ministarstvo obrane na \u010delu s Aleksandrom Vulinom objavilo 2018. godine i prvi put predstavilo na Sajmu knjiga u listopadu iste godine\u201d, navode.<br \/>\nPro\u0161le godine u\u010diteljica O\u0160 \u201cVasa Staji\u0107\u201d u Novom Sadu zabavljala se s u\u010denicima nacionalisti\u010dkom pjesmom Baje Malog Knind\u017ee \u201cNe volim te Alija\u201d, u kojoj se veli\u010daju ratni zlo\u010dini nad Bo\u0161njacima.<br \/>\nIncident je izazvao masovni revolt i niz reakcija javnosti. U drugoj \u0161koli, u Osnovnoj \u0161koli \u201c\u0110ura Jak\u0161i\u0107\u201d u Beogradu, prije pola mjeseca osu\u0111eni kriminalac Kristijan Golubovi\u0107 sudjelovao je u snimanju spota, zbog \u010dega je najavljena smjena ravnatelja \u0161kole.<br \/>\nProtiv Pavkovi\u0107a i drugih generala odgovornih za zlo\u010dine na Kosovu je krajem 2003. podignuta optu\u017enica. Iako su srpske vlasti poku\u0161ale zaustaviti njihovo izru\u010denje, Pavkovi\u0107 je 2005. izru\u010den Me\u0111unarodnom sudu za ratne zlo\u010dine po\u010dinjene na podru\u010dju biv\u0161e Jugoslavije u Haagu.<br \/>\nSud je utvrdio da je Pavkovi\u0107ev doprinos udru\u017eenom zlo\u010dina\u010dkom pothvatu bio zna\u010dajan, jer je koristio snage VJ za teroriziranje i nasilno protjerivanje civila kosovskih Albanaca iz njihovih domova.<br \/>\nGodine 2009. je progla\u0161en krivim po svim to\u010dkama optu\u017enice i osu\u0111en na 22 godine zatvora. Osu\u0111eni su i Vladimir Lazarevi\u0107, Nikola \u0160ainovi\u0107, Dragoljub Ojdani\u0107 i Sreten Luki\u0107.<br \/>\nPrvooptu\u017eeni Slobodan Milo\u0161evi\u0107 je umro u pritvoru, a Milan Milutinovi\u0107 je oslobo\u0111en optu\u017ebi.<\/p>\n","protected":false},"excerpt":{"rendered":"<p>Osu\u0111eni ratni zlo\u010dinac Neboj\u0161a Pavkovi\u0107 obratio se video vezom u\u010denicima Osnovne \u0161kole \u201c\u0110ura Jak\u0161i\u0107\u201d u Ka\u0107u, prigradskom naselju kraj Novog Sada. Priredba je organizirana 20. travnja na temu \u201cKo\u0161are: Pri\u010de o herojima\u201d. Zbog gostovanja osu\u0111enog ratnog zlo\u010dinca u \u0161koli Inicijativa mladih za ljudska prava u Srbiji tra\u017ei od Ministarstva prosvjete i obrazovanja da utvrdi odgovornost [&hellip;]<\/p>\n","protected":false},"author":6,"featured_media":955,"comment_status":"open","ping_status":"open","sticky":false,"template":"","format":"standard","meta":{"footnotes":""},"categories":[2],"tags":[],"class_list":["post-954","post","type-post","status-publish","format-standard","has-post-thumbnail","hentry","category-zupanijske-vijesti"],"_links":{"self":[{"href":"https:\/\/kopriva.info\/wp\/wp-json\/wp\/v2\/posts\/954","targetHints":{"allow":["GET"]}}],"collection":[{"href":"https:\/\/kopriva.info\/wp\/wp-json\/wp\/v2\/posts"}],"about":[{"href":"https:\/\/kopriva.info\/wp\/wp-json\/wp\/v2\/types\/post"}],"author":[{"embeddable":true,"href":"https:\/\/kopriva.info\/wp\/wp-json\/wp\/v2\/users\/6"}],"replies":[{"embeddable":true,"href":"https:\/\/kopriva.info\/wp\/wp-json\/wp\/v2\/comments?post=954"}],"version-history":[{"count":1,"href":"https:\/\/kopriva.info\/wp\/wp-json\/wp\/v2\/posts\/954\/revisions"}],"predecessor-version":[{"id":956,"href":"https:\/\/kopriva.info\/wp\/wp-json\/wp\/v2\/posts\/954\/revisions\/956"}],"wp:featuredmedia":[{"embeddable":true,"href":"https:\/\/kopriva.info\/wp\/wp-json\/wp\/v2\/media\/955"}],"wp:attachment":[{"href":"https:\/\/kopriva.info\/wp\/wp-json\/wp\/v2\/media?parent=954"}],"wp:term":[{"taxonomy":"category","embeddable":true,"href":"https:\/\/kopriva.info\/wp\/wp-json\/wp\/v2\/categories?post=954"},{"taxonomy":"post_tag","embeddable":true,"href":"https:\/\/kopriva.info\/wp\/wp-json\/wp\/v2\/tags?post=954"}],"curies":[{"name":"wp","href":"https:\/\/api.w.org\/{rel}","templated":true}]}}