{"id":711,"date":"2023-04-29T14:09:19","date_gmt":"2023-04-29T12:09:19","guid":{"rendered":"https:\/\/kopriva.info\/wp\/?p=711"},"modified":"2023-04-29T14:09:19","modified_gmt":"2023-04-29T12:09:19","slug":"koprivnicko-krizevackoj-zupaniji-dodijeljen-status-zupanija-prijatelj-djece","status":"publish","type":"post","link":"https:\/\/kopriva.info\/wp\/2023\/04\/29\/koprivnicko-krizevackoj-zupaniji-dodijeljen-status-zupanija-prijatelj-djece\/","title":{"rendered":"Koprivni\u010dko-kri\u017eeva\u010dkoj \u017eupaniji dodijeljen status \u201e\u017dupanija &#8211; prijatelj djece\u201c"},"content":{"rendered":"<p>Odlukom Sredi\u0161njeg koordinacijskog odbora programa \u201eGradovi i op\u0107ine-prijatelji djece\u201c, a<br \/>\nnakon uspje\u0161nih rezultata izvida Ocjenjiva\u010dke komisije Saveza dru\u0161tava \u201eNa\u0161a djeca\u201c<br \/>\nHrvatske, Koprivni\u010dko-kri\u017eeva\u010dkoj \u017eupaniji dodijeljen je status \u201e\u017dupanija \u2013 prijatelj djece\u201c,<br \/>\nkao tre\u0107oj \u017eupaniji u Hrvatskoj.<br \/>\nDopredsjednica Saveza dru\u0161tava \u201eNa\u0161a djeca\u201c Hrvatske, a ujedno i voditeljica projekta<br \/>\n&amp;quot;\u017dupanije-prijatelji djece&amp;quot;, Sonja Borov\u010dak uru\u010dila je povelju \u017eupanu Darku Korenu na<br \/>\nsve\u010danosti povodom 20. obljetnice Hrvatske zajednice \u017eupanija, pohvaliv\u0161i na\u0161u \u017eupaniju na<br \/>\naktivnosti i kontinuitetu provedbe projekata usmjerenih dobrobiti djece i mladih.<br \/>\n\u010cestitke Koprivni\u010dko-kri\u017eeva\u010dkoj \u017eupaniji uputio je i predsjednik Vlade Republike Hrvatske<br \/>\nAndrej Plenkovi\u0107, a sve\u010danoj dodjeli prisustvovala je i voditeljica projekta \u201eKoprivni\u010dko-<br \/>\nkri\u017eeva\u010dka \u017eupanija \u2013 prijatelj djece\u201c te pro\u010delnica Slu\u017ebe ureda \u017eupana Melita Ivan\u010di\u0107.<br \/>\n\u017dupan je izrazio zadovoljstvom \u0161to je prepoznat anga\u017eman na\u0161e \u017eupanije po pitanju ovog<br \/>\nprojekta, ali i jo\u0161 va\u017enije \u2013 po pitanju unaprje\u0111enja kvalitete \u017eivota najmla\u0111ih.<br \/>\n\u201ePonosni smo \u0161to je na\u0161a \u017eupanija stekla ovaj presti\u017eni status jer smo intenzivno radili na<br \/>\ntome da poka\u017eemo koliko ula\u017eemo u djecu i mlade na cijelom na\u0161em podru\u010dju. Projekte<br \/>\nusmjeravamo na razvoj optimalne okoline za odrastanje, stvaraju\u0107i preduvjete za razvoj djece<br \/>\nu sigurnom okru\u017eenju i omogu\u0107avaju\u0107i svakom djetetu jednak pristup obrazovnom sustavu i<br \/>\nkvalitetnoj zdravstvenoj skrbi, uz posebnu skrb o najranjivijim skupinama. Na\u0161 posao na<br \/>\nunaprje\u0111enju kvalitete \u017eivota djece i mladih dobivanjem ovog statusa nije zavr\u0161en nego se<\/p>\n<p>nastavlja te smatramo kako u sinergiji s institucijama i udrugama mo\u017eemo stvoriti mnoge<br \/>\nlijepe pri\u010de i pozitivne promjene. Svjesni smo da ulaganjem u djecu, ula\u017eemo u budu\u0107nost i<br \/>\npru\u017eamo podr\u0161ku novim generacijama koje \u0107e unaprijediti ovu \u017dupaniju. Hvala svima koji su<br \/>\nna bilo koji na\u010din doprinijeli dobivanju ovog statusa, kao i Savezu koji je prepoznao na\u0161e<br \/>\nzalaganje\u201c, kazao je \u017eupan.<br \/>\n\u017dupanija mnogo ula\u017ee u osobni razvoj djece i mladih, brine o kvalitetnim uvjetima<br \/>\nobrazovanja i zdravstveno-socijalnoj za\u0161titi, razvoju vje\u0161tina te poti\u010de sportske aktivnosti.<br \/>\nOvaj projekt i izrada strate\u0161kog dokumenta jo\u0161 su jedan dokaz da se u svim segmentima brine<br \/>\no djeci i mladima te njihovoj budu\u0107nosti, pru\u017eaju\u0107i im jednake po\u010detne pozicije za kvalitetno<br \/>\nodrastanje.<br \/>\nStrategija projekta \u201eKoprivni\u010dko-kri\u017eeva\u010dka \u017eupanija \u2013 prijatelj djece\u201c za razdoblje od 2020.<br \/>\ndo 2022. godine je Odlukom \u017dupanijske skup\u0161tine produ\u017eena na 2023. godinu, a u ovoj \u0107e se<br \/>\ngodini izraditi nova strategija za razdoblje od 2024. do 2026. godine.<br \/>\nPostoje\u0107om Strategijom obuhva\u0107eno je 79 aktivnosti, primjerice iz podru\u010dja odgoja i<br \/>\nobrazovanja, kulture, sporta, slobodnog vremena, dje\u010dje participacije, zdravstva i socijalne<br \/>\nskrbi, preventivnih programa, psihosocijalne podr\u0161ke djeci i roditeljima, inkluzije djece s<br \/>\nte\u0161ko\u0107ama u razvoju, sigurnosti u prometu i ostalog. Me\u0111u va\u017enijim projektima treba<br \/>\nspomenuti izgradnju pet \u0161kolskih sportskih dvorana i \u017eupanijskog Centra kompetentnosti,<br \/>\nprojekte osiguravanja pomo\u0107nika u nastavi i zdrave \u0161kolske prehrane kroz Pametan obrok za<br \/>\npametnu djecu, sufinanciranje prijevoza \u0161kolaraca, \u0161kole plivanja, \u0161kolskih natjecanja i<br \/>\ncentara izvrsnosti, kreativni natje\u010daj \u017eupanijskog Antikorupcijskog povjerenstva, financijska<br \/>\npomo\u0107 roditeljima djece s te\u0161ko\u0107ama u razvoju, preventivni programi sigurnosti u prometu i<br \/>\nsli\u010dno.<br \/>\nSpomenimo kako je Savez dru\u0161tava \u201eNa\u0161a djeca\u201c Hrvatske na\u0161u \u017dupaniju pozvao na otvorenu<br \/>\nkandidaturu za stjecanje statusa, na temelju dugogodi\u0161njeg aktivnog rada i zalaganja za<br \/>\npobolj\u0161anje kvalitete \u017eivota djece na podru\u010dju \u017eupanije. Trenutno status \u201eprijatelj djece\u201c imaju<br \/>\ndva grada, Koprivnica i Kri\u017eevci te Op\u0107ina Virje, a \u017dupanija poti\u010de i pru\u017ea svu potrebnu<br \/>\npomo\u0107 i svim ostalim jedinicama lokalne samouprave koje su iskazale interes.<\/p>\n","protected":false},"excerpt":{"rendered":"<p>Odlukom Sredi\u0161njeg koordinacijskog odbora programa \u201eGradovi i op\u0107ine-prijatelji djece\u201c, a nakon uspje\u0161nih rezultata izvida Ocjenjiva\u010dke komisije Saveza dru\u0161tava \u201eNa\u0161a djeca\u201c Hrvatske, Koprivni\u010dko-kri\u017eeva\u010dkoj \u017eupaniji dodijeljen je status \u201e\u017dupanija \u2013 prijatelj djece\u201c, kao tre\u0107oj \u017eupaniji u Hrvatskoj. Dopredsjednica Saveza dru\u0161tava \u201eNa\u0161a djeca\u201c Hrvatske, a ujedno i voditeljica projekta &amp;quot;\u017dupanije-prijatelji djece&amp;quot;, Sonja Borov\u010dak uru\u010dila je povelju \u017eupanu Darku [&hellip;]<\/p>\n","protected":false},"author":7,"featured_media":712,"comment_status":"open","ping_status":"open","sticky":false,"template":"","format":"standard","meta":{"footnotes":""},"categories":[2],"tags":[],"class_list":["post-711","post","type-post","status-publish","format-standard","has-post-thumbnail","hentry","category-zupanijske-vijesti"],"_links":{"self":[{"href":"https:\/\/kopriva.info\/wp\/wp-json\/wp\/v2\/posts\/711","targetHints":{"allow":["GET"]}}],"collection":[{"href":"https:\/\/kopriva.info\/wp\/wp-json\/wp\/v2\/posts"}],"about":[{"href":"https:\/\/kopriva.info\/wp\/wp-json\/wp\/v2\/types\/post"}],"author":[{"embeddable":true,"href":"https:\/\/kopriva.info\/wp\/wp-json\/wp\/v2\/users\/7"}],"replies":[{"embeddable":true,"href":"https:\/\/kopriva.info\/wp\/wp-json\/wp\/v2\/comments?post=711"}],"version-history":[{"count":1,"href":"https:\/\/kopriva.info\/wp\/wp-json\/wp\/v2\/posts\/711\/revisions"}],"predecessor-version":[{"id":713,"href":"https:\/\/kopriva.info\/wp\/wp-json\/wp\/v2\/posts\/711\/revisions\/713"}],"wp:featuredmedia":[{"embeddable":true,"href":"https:\/\/kopriva.info\/wp\/wp-json\/wp\/v2\/media\/712"}],"wp:attachment":[{"href":"https:\/\/kopriva.info\/wp\/wp-json\/wp\/v2\/media?parent=711"}],"wp:term":[{"taxonomy":"category","embeddable":true,"href":"https:\/\/kopriva.info\/wp\/wp-json\/wp\/v2\/categories?post=711"},{"taxonomy":"post_tag","embeddable":true,"href":"https:\/\/kopriva.info\/wp\/wp-json\/wp\/v2\/tags?post=711"}],"curies":[{"name":"wp","href":"https:\/\/api.w.org\/{rel}","templated":true}]}}