{"id":576,"date":"2023-04-20T13:28:05","date_gmt":"2023-04-20T11:28:05","guid":{"rendered":"https:\/\/kopriva.info\/wp\/?p=576"},"modified":"2023-04-20T13:28:05","modified_gmt":"2023-04-20T11:28:05","slug":"u-krizevcima-sajam-cvijeca-od-sutra-do-nedjelje","status":"publish","type":"post","link":"https:\/\/kopriva.info\/wp\/2023\/04\/20\/u-krizevcima-sajam-cvijeca-od-sutra-do-nedjelje\/","title":{"rendered":"U Kri\u017eevcima sajam cvije\u0107a od sutra do nedjelje"},"content":{"rendered":"<p>Povorkom djece iz kri\u017eeva\u010dkih dje\u010djih vrti\u0107a i \u010dlanica Kri\u017eeva\u010dke djevoja\u010dke stra\u017ee od Gradske uprave do paviljona na Strossmayerovom trgu, sutra u 10 sati po\u010dinje tre\u0107i sajam Kri\u017eevci u cvije\u0107u. Organizatori najavljuju da \u0107e nakon slu\u017ebenog otvorenja i pozdravnih govora, kod paviljona nastupiti djeca koja su ve\u0107 pripremila zabavni program<br \/>\nna temu prolje\u0107a i cvije\u0107a.<br \/>\nOve godine na sajmu sudjeluje dvadeset sedam izlaga\u010da \u2013 proizvo\u0111a\u010da cvije\u0107a, ukrasnog bilja, sadnica, zastupnika za strojeve, alate i opremu za hortikulturu te doma\u0107ih radinosti i kreativaca. Prigodan program traje do nedjelje.<\/p>\n","protected":false},"excerpt":{"rendered":"<p>Povorkom djece iz kri\u017eeva\u010dkih dje\u010djih vrti\u0107a i \u010dlanica Kri\u017eeva\u010dke djevoja\u010dke stra\u017ee od Gradske uprave do paviljona na Strossmayerovom trgu, sutra u 10 sati po\u010dinje tre\u0107i sajam Kri\u017eevci u cvije\u0107u. Organizatori najavljuju da \u0107e nakon slu\u017ebenog otvorenja i pozdravnih govora, kod paviljona nastupiti djeca koja su ve\u0107 pripremila zabavni program na temu prolje\u0107a i cvije\u0107a. Ove [&hellip;]<\/p>\n","protected":false},"author":6,"featured_media":577,"comment_status":"open","ping_status":"open","sticky":false,"template":"","format":"standard","meta":{"footnotes":""},"categories":[2],"tags":[],"class_list":["post-576","post","type-post","status-publish","format-standard","has-post-thumbnail","hentry","category-zupanijske-vijesti"],"_links":{"self":[{"href":"https:\/\/kopriva.info\/wp\/wp-json\/wp\/v2\/posts\/576","targetHints":{"allow":["GET"]}}],"collection":[{"href":"https:\/\/kopriva.info\/wp\/wp-json\/wp\/v2\/posts"}],"about":[{"href":"https:\/\/kopriva.info\/wp\/wp-json\/wp\/v2\/types\/post"}],"author":[{"embeddable":true,"href":"https:\/\/kopriva.info\/wp\/wp-json\/wp\/v2\/users\/6"}],"replies":[{"embeddable":true,"href":"https:\/\/kopriva.info\/wp\/wp-json\/wp\/v2\/comments?post=576"}],"version-history":[{"count":1,"href":"https:\/\/kopriva.info\/wp\/wp-json\/wp\/v2\/posts\/576\/revisions"}],"predecessor-version":[{"id":578,"href":"https:\/\/kopriva.info\/wp\/wp-json\/wp\/v2\/posts\/576\/revisions\/578"}],"wp:featuredmedia":[{"embeddable":true,"href":"https:\/\/kopriva.info\/wp\/wp-json\/wp\/v2\/media\/577"}],"wp:attachment":[{"href":"https:\/\/kopriva.info\/wp\/wp-json\/wp\/v2\/media?parent=576"}],"wp:term":[{"taxonomy":"category","embeddable":true,"href":"https:\/\/kopriva.info\/wp\/wp-json\/wp\/v2\/categories?post=576"},{"taxonomy":"post_tag","embeddable":true,"href":"https:\/\/kopriva.info\/wp\/wp-json\/wp\/v2\/tags?post=576"}],"curies":[{"name":"wp","href":"https:\/\/api.w.org\/{rel}","templated":true}]}}