{"id":5237,"date":"2025-05-30T21:20:48","date_gmt":"2025-05-30T19:20:48","guid":{"rendered":"https:\/\/kopriva.info\/wp\/?p=5237"},"modified":"2025-05-30T21:20:48","modified_gmt":"2025-05-30T19:20:48","slug":"opcina-klostar-podravski-svecanom-sjednicom-proslavila-svoj-dan","status":"publish","type":"post","link":"https:\/\/kopriva.info\/wp\/2025\/05\/30\/opcina-klostar-podravski-svecanom-sjednicom-proslavila-svoj-dan\/","title":{"rendered":"Op\u0107ina Klo\u0161tar Podravski sve\u010danom sjednicom proslavila svoj Dan"},"content":{"rendered":"<p>U Dru\u0161tvenom Domu u Klo\u0161tru Podravskom danas je odr\u017eana sve\u010dana sjednica Op\u0107inskog vije\u0107a povodom Dana Op\u0107ine, a sve\u010danosti su uime Koprivni\u010dko-kri\u017eeva\u010dke \u017eupanije prisustvovali \u017eupan Darko Koren, zamjenik \u017eupana Ratimir Ljubi\u0107 te \u017eupanijski pro\u010delnici Melita Ivan\u010di\u0107 i Marija \u0160timac. Sve\u010danosti je prisustvovao i predsjednik Hrvatskog sabora Gordan Jandrokovi\u0107 te saborski zastupnici Darko Sobota, \u017deljko Lackovi\u0107 i Vesna Bedekovi\u0107.<\/p>\n<p>Okupljenima se na po\u010detku obratila dosada\u0161nja predsjednica Op\u0107inskog vije\u0107a Marija \u0160imunko koja je zahvalila svima koji su doprinijeli razvoju Klo\u0161tra Podravskog te je pozvala da zajedno nastave graditi sredinu u kojoj se osje\u0107a pripadnost i po\u0161tovanje.<br \/>\nNakon filma o najva\u017enijim projektima u proteklih godinu dana, kao i planovima za budu\u0107nost, obratio se na\u010delnik Op\u0107ine Sini\u0161a Pavlivi\u0107 koji je tako\u0111er uputio zahvale svima na suradnji i pomo\u0107i, dodav\u0161i:  \u201eSmatram da su vizija i strategija koju imamo unatrag 12 godina doprinijele realizaciji svega \u0161to smo obe\u0107ali. Brinemo za sve, od najmanjih do najstarijih, ali trebamo svi gledati prema budu\u0107nosti. Svega ovoga ne bi bilo da nema lokalne samouprave, Koprivni\u010dko-kri\u017eeva\u010dke \u017eupanije, ministarstava i Vlade te svima zahvaljujem na pomo\u0107i, a posebno nam je va\u017eno bilo kori\u0161tenje EU sredstava.\u201c<\/p>\n<p>Na\u010delnik Pavlovi\u0107 je spomenuo i dva va\u017ena projekta &#8211; Dom za starije i nemo\u0107ne te Terme, koje \u0107e se realizirati u sklopu Razvojnog sporazuma Sjever.<\/p>\n<p>\u017dupan je uputio \u010destitke mje\u0161tanima povodom Dana Op\u0107ine i blagdana sv. Benedikta, kao i pohvale op\u0107inskom vodstvu na odli\u010dnoj suradnji i komunikaciji: \u201eDoista mogu re\u0107i iz svega \u0161to smo vidjeli, kako onog realiziranog, tako i planova za budu\u0107nost, da je Klo\u0161tar Podravski u svakom smislu anga\u017eirana i napredna op\u0107ina, spremna da predanim radom doprinese kvalitetnijem \u017eivotu svojih mje\u0161tana. Suradnja sa \u017dupanijom je uvijek bila na visokoj razini, to se posebno mo\u017ee vidjeti u na\u0161em partnerstvu na izgradnji \u0161kolske sportske dvorane, a vjerujem da \u0107e se tako i nastaviti. I nadalje \u0107emo vam biti na raspolaganju za podr\u0161ku te vam \u017eelim mnogo uspjeha u ostvarivanju svih planova!\u201c<br \/>\nPredsjednik Hrvatskog sabora Gordan Jandrokovi\u0107 tako\u0111er je pohvalio Op\u0107inu na predanom radu za boljitak svojih mje\u0161tana, dodav\u0161i kako se ovdje osje\u0107a duh prijateljstva, povezanosti i zajedni\u0161tva: \u201eImpresivni su rezultati koje Op\u0107ina ostvaruje i \u010destitam vam na tome. Nije \u010dudo \u0161to je na\u010delnik osvojio \u010detvrti mandat, a to zna\u010di da su gra\u0111ani prepoznali trud, rad, po\u0161tenje i razboritost. Na dolasku ovdje vidio sam da je sve ure\u0111eno, a film je pokazao zamah koji ostvarujete. Jako je va\u017eno isticati ravnomjeran razvoj i suradnju izme\u0111u op\u0107ina, \u017dupanije i Vlade te vjerujem kako je pred vama jo\u0161 mnogo projekata koji \u0107e doprinijeti razvoju ove sredine. \u017delim vam mnogo uspjeha u njihovoj realizaciji.\u201c<br \/>\nPohvale svim projektima u kojima su dokazali svoju vje\u0161tinu povla\u010denja EU sredstava uputio je i saborski zastupnik i na\u010delnik Kalinovca Darko Sobota, naglasiv\u0161i va\u017enost postoje\u0107eg teritorijalnog ustroja i ravnomjernog razvoja, dodav\u0161i kako se kao kolega na\u010delnik veseli svakom uspjehu Op\u0107ine te novim planovima.<\/p>\n<p>\u010cestitke i pohvale uputili su i saborski zastupnik i predsjednik Gradskog vije\u0107a Grada \u0110ur\u0111evca \u017deljko Lackovi\u0107, general pukovnik u mirovni i po\u010dasni gra\u0111anin Koprivni\u010dko-kri\u017eeva\u010dke \u017eupanije Mladen Marka\u010d, na\u010delnik Op\u0107ine Gola Stjepan Milinkovi\u0107 te na\u010delnik Op\u0107ine Jasenice Stipe Vuli\u0107.<br \/>\nZa glazbeni ugo\u0111aj bile su zaslu\u017ene \u010dlanice \u017eenskog glazbenog sastava Gorbonuk, a obilje\u017eavanje Dana Op\u0107ine nastavlja se bogatim programom.<\/p>\n<p>Sve\u010danoj sjednici prisustvovali su i gradona\u010delnik \u0110ur\u0111evca Hrvoje Jan\u010di, brojni na\u010delnici op\u0107ina, ravnatelji i predstavnici \u017eupanijskih i drugih ustanova, \u0161kola i udruga te brojni drugi gosti.<\/p>\n","protected":false},"excerpt":{"rendered":"<p>U Dru\u0161tvenom Domu u Klo\u0161tru Podravskom danas je odr\u017eana sve\u010dana sjednica Op\u0107inskog vije\u0107a povodom Dana Op\u0107ine, a sve\u010danosti su uime Koprivni\u010dko-kri\u017eeva\u010dke \u017eupanije prisustvovali \u017eupan Darko Koren, zamjenik \u017eupana Ratimir Ljubi\u0107 te \u017eupanijski pro\u010delnici Melita Ivan\u010di\u0107 i Marija \u0160timac. Sve\u010danosti je prisustvovao i predsjednik Hrvatskog sabora Gordan Jandrokovi\u0107 te saborski zastupnici Darko Sobota, \u017deljko Lackovi\u0107 i [&hellip;]<\/p>\n","protected":false},"author":6,"featured_media":5238,"comment_status":"open","ping_status":"open","sticky":false,"template":"","format":"standard","meta":{"footnotes":""},"categories":[2],"tags":[],"class_list":["post-5237","post","type-post","status-publish","format-standard","has-post-thumbnail","hentry","category-zupanijske-vijesti"],"_links":{"self":[{"href":"https:\/\/kopriva.info\/wp\/wp-json\/wp\/v2\/posts\/5237","targetHints":{"allow":["GET"]}}],"collection":[{"href":"https:\/\/kopriva.info\/wp\/wp-json\/wp\/v2\/posts"}],"about":[{"href":"https:\/\/kopriva.info\/wp\/wp-json\/wp\/v2\/types\/post"}],"author":[{"embeddable":true,"href":"https:\/\/kopriva.info\/wp\/wp-json\/wp\/v2\/users\/6"}],"replies":[{"embeddable":true,"href":"https:\/\/kopriva.info\/wp\/wp-json\/wp\/v2\/comments?post=5237"}],"version-history":[{"count":2,"href":"https:\/\/kopriva.info\/wp\/wp-json\/wp\/v2\/posts\/5237\/revisions"}],"predecessor-version":[{"id":5240,"href":"https:\/\/kopriva.info\/wp\/wp-json\/wp\/v2\/posts\/5237\/revisions\/5240"}],"wp:featuredmedia":[{"embeddable":true,"href":"https:\/\/kopriva.info\/wp\/wp-json\/wp\/v2\/media\/5238"}],"wp:attachment":[{"href":"https:\/\/kopriva.info\/wp\/wp-json\/wp\/v2\/media?parent=5237"}],"wp:term":[{"taxonomy":"category","embeddable":true,"href":"https:\/\/kopriva.info\/wp\/wp-json\/wp\/v2\/categories?post=5237"},{"taxonomy":"post_tag","embeddable":true,"href":"https:\/\/kopriva.info\/wp\/wp-json\/wp\/v2\/tags?post=5237"}],"curies":[{"name":"wp","href":"https:\/\/api.w.org\/{rel}","templated":true}]}}