{"id":4520,"date":"2025-03-16T00:00:04","date_gmt":"2025-03-15T23:00:04","guid":{"rendered":"https:\/\/kopriva.info\/wp\/?p=4520"},"modified":"2025-03-15T18:32:10","modified_gmt":"2025-03-15T17:32:10","slug":"na-svjetski-dan-zastite-suma-u-virju-ce-biti-otvorena-samostalna-izlozba-fotografija-tonija-persinovica","status":"publish","type":"post","link":"https:\/\/kopriva.info\/wp\/2025\/03\/16\/na-svjetski-dan-zastite-suma-u-virju-ce-biti-otvorena-samostalna-izlozba-fotografija-tonija-persinovica\/","title":{"rendered":"Na Svjetski dan za\u0161tite \u0161uma u Virju \u0107e biti otvorena samostalna izlo\u017eba fotografija Tonija Per\u0161inovi\u0107a"},"content":{"rendered":"<p>Izlo\u017eba pod nazivom Skriveno mjesto u srcu Podravine \u2013 Gabajeva Greda bit \u0107e postavljena u izlo\u017ebenom prostoru Doma zdravlja u Virju (Ulica \u0110ure Sudete 12) i bit \u0107e sve\u010dano otvorena u petak, 21. o\u017eujka 2025. u 19 sati. Izlo\u017eba \u0107e se mo\u0107i razgledati do 18. travnja 2025.<\/p>\n<p>Otvorenje \u0107e svojim nastupom nastupom uveli\u010dati sopranistica Petra Cik. Ulaz je slobodan, a nakon otvorenja izlo\u017ebe slijedi domjenak.<\/p>\n<p>Fotografije Tonija Per\u0161inovi\u0107a do sada smo mogli vidjeti u razli\u010ditim medijima, na dru\u0161tvenim mre\u017eama pa i u tiskanim izdanjima \u010dasopisa, a sada po prvi puta i na izlo\u017ebi. Stoga je logi\u010dno da se je u organizaciju izlo\u017ebe uklju\u010dila i Op\u0107ina Virje. Nadamo se da \u0107e Toniju Per\u0161inovi\u0107u ova izlo\u017eba biti poticaj na daljnje bavljenje fotografijom.<\/p>\n<p>Datum odr\u017eavanja izlo\u017ebe nije slu\u010dajno izabran s obzirom na to da se 21. o\u017eujka obilje\u017eava Svjetski dan za\u0161tite \u0161uma, a ve\u0107 sljede\u0107ega dana, 22. o\u017eujka je Svjetski dan za\u0161tite voda. To je ujedno i po\u010detak prolje\u0107a pa ovom izlo\u017ebom \u017eelimo zapo\u010deti proljetni ciklus doga\u0111anja.<\/p>\n<p>Stoga je i autor prigodnog predgovora o izlo\u017ebi koji \u0107e biti otisnut u katalogu Zvonimir I\u0161tvan, \u0161umar po struci, ali ujedno i fotograf iza kojeg su zna\u010dajni projekti i izlo\u017ebe umjetni\u010dkih fotografija.<\/p>\n<p>\u0160ume i vode imaju veliki zna\u010daj u na\u0161oj turisti\u010dkoj destinaciji pa kroz razli\u010dite projekte nastojimo predstaviti njihovu ljepotu, ali i upozoriti na va\u017enost njihovog o\u010duvanja. Jedan od takvih projekata je i ova izlo\u017eba \u010dime se zapravo \u017eelimo odu\u017eiti Toniju Per\u0161inovi\u0107u kao svojem suradniku koji marljivo prati sva na\u0161a doga\u0111anja. Ovoga puta odu\u0161evio nas je svojim fotografijama prirode, divlja\u010di, \u0161uma i voda.<\/p>\n<p>Fotografije su snimljene na podru\u010dju na\u0161e turisti\u010dke zajednice i drago nam je \u0161to se ova izlo\u017eba pridonijeti tome da Gabajeva Greda bude prepoznatljivo mjesto u na\u0161oj destinaciji.<\/p>\n<p>Podsjetimo, Toni Per\u0161inovi\u0107 ro\u0111en je 1996. godine, a \u017eivi u Virju. Oduvijek ga je zanimala fotografija, no fotografiranjem se po\u010deo intenzivnije baviti 2022. godine. Vje\u017ebom, praksom i savjetima prijatelja nastajale su sve bolje fotografije. Kako je vrijeme prolazilo, broj fotografija se stalno pove\u0107avao i ljubav prema fotografiji je rasla. Najve\u0107u inspiraciju predstavlja mu priroda u kojoj \u010desto boravi. Kako bi se povezao s ljudima istog hobija te sli\u010dnog razmi\u0161ljanja i djelovanja u\u010dlanio se u Foto-kino klub \u201ePicok\u201c \u0110ur\u0111evac. Do sada je sudjelovao na radionicama fotografija i skupnim izlo\u017ebama, a ovo mu je prva samostalna izlo\u017eba.<\/p>\n","protected":false},"excerpt":{"rendered":"<p>Izlo\u017eba pod nazivom Skriveno mjesto u srcu Podravine \u2013 Gabajeva Greda bit \u0107e postavljena u izlo\u017ebenom prostoru Doma zdravlja u Virju (Ulica \u0110ure Sudete 12) i bit \u0107e sve\u010dano otvorena u petak, 21. o\u017eujka 2025. u 19 sati. Izlo\u017eba \u0107e se mo\u0107i razgledati do 18. travnja 2025. Otvorenje \u0107e svojim nastupom nastupom uveli\u010dati sopranistica Petra [&hellip;]<\/p>\n","protected":false},"author":6,"featured_media":4522,"comment_status":"open","ping_status":"open","sticky":false,"template":"","format":"standard","meta":{"footnotes":""},"categories":[1],"tags":[],"class_list":["post-4520","post","type-post","status-publish","format-standard","has-post-thumbnail","hentry","category-vijesti-iz-hrvatske"],"_links":{"self":[{"href":"https:\/\/kopriva.info\/wp\/wp-json\/wp\/v2\/posts\/4520","targetHints":{"allow":["GET"]}}],"collection":[{"href":"https:\/\/kopriva.info\/wp\/wp-json\/wp\/v2\/posts"}],"about":[{"href":"https:\/\/kopriva.info\/wp\/wp-json\/wp\/v2\/types\/post"}],"author":[{"embeddable":true,"href":"https:\/\/kopriva.info\/wp\/wp-json\/wp\/v2\/users\/6"}],"replies":[{"embeddable":true,"href":"https:\/\/kopriva.info\/wp\/wp-json\/wp\/v2\/comments?post=4520"}],"version-history":[{"count":1,"href":"https:\/\/kopriva.info\/wp\/wp-json\/wp\/v2\/posts\/4520\/revisions"}],"predecessor-version":[{"id":4523,"href":"https:\/\/kopriva.info\/wp\/wp-json\/wp\/v2\/posts\/4520\/revisions\/4523"}],"wp:featuredmedia":[{"embeddable":true,"href":"https:\/\/kopriva.info\/wp\/wp-json\/wp\/v2\/media\/4522"}],"wp:attachment":[{"href":"https:\/\/kopriva.info\/wp\/wp-json\/wp\/v2\/media?parent=4520"}],"wp:term":[{"taxonomy":"category","embeddable":true,"href":"https:\/\/kopriva.info\/wp\/wp-json\/wp\/v2\/categories?post=4520"},{"taxonomy":"post_tag","embeddable":true,"href":"https:\/\/kopriva.info\/wp\/wp-json\/wp\/v2\/tags?post=4520"}],"curies":[{"name":"wp","href":"https:\/\/api.w.org\/{rel}","templated":true}]}}