{"id":4350,"date":"2025-02-18T21:42:52","date_gmt":"2025-02-18T20:42:52","guid":{"rendered":"https:\/\/kopriva.info\/wp\/?p=4350"},"modified":"2025-02-18T21:42:52","modified_gmt":"2025-02-18T20:42:52","slug":"veleposlanik-republike-italije-nj-e-paolo-trichila-u-nastupnom-posjetu-zupaniji","status":"publish","type":"post","link":"https:\/\/kopriva.info\/wp\/2025\/02\/18\/veleposlanik-republike-italije-nj-e-paolo-trichila-u-nastupnom-posjetu-zupaniji\/","title":{"rendered":"Veleposlanik Republike Italije Nj. E. Paolo Trichila u nastupnom posjetu \u017dupaniji"},"content":{"rendered":"<p>U \u017dupanijskoj upravi danas je uprili\u010den slu\u017ebeni prijem za veleposlanika Republike Italije u Republici Hrvatskoj, Nj. E. Paola Trichila. Veleposlanika su u nastupnom posjetu primili \u017eupan Darko Koren, zamjenik \u017eupana Ratimir Ljubi\u0107, \u017eupanijski pro\u010delnici Darko Masnec i Marijan \u0160timac, ravnateljica PORA-e Regionalne razvojne agencije Koprivni\u010dko-kri\u017eeva\u010dke \u017eupanije Melita Bir\u010di\u0107 te vi\u0161i savjetnik-specijalist za europske fondove Vladimir \u0160adek.<\/p>\n<p>\u017dupan je veleposlaniku po\u017eelio srda\u010dnu dobrodo\u0161licu uz zahvalu na dosada\u0161njoj suradnji izme\u0111u Republike Italije i Hrvatske. U svom obra\u0107anju predstavio je klju\u010dne karakteristike Koprivni\u010dko-kri\u017eeva\u010dke \u017eupanije s posebnim naglaskom na strate\u0161ka ulaganja u infrastrukturu obrazovanja i gospodarstva.<br \/>\nIstaknuo je zna\u010daj vanjskotrgovinske razmjene izme\u0111u dviju zemalja te prisutnost inozemnih tvrtki u \u017eupaniji, a osvrnuo se i na prirodne i kulturne posebnosti Podravine i Prigorja, kao i na brojne EU i nacionalne projekte koji su trenutno u provedbi.<\/p>\n<p>Veleposlanik Trichila zahvalio je \u017eupanu na srda\u010dnom prijemu te istaknuo kako je Italija jedan od klju\u010dnih gospodarskih partnera Hrvatske.<\/p>\n<p>Posebno je istaknuo kako \u017eupanija ima izuzetne potencijale za daljnji razvoj \u0161to otvara prostor za ja\u010danje poslovnih veza i investicija. Osim gospodarske suradnje osvrnuo se na kulturnu dimenziju odnosa, spomenuv\u0161i va\u017enost kulturnih projekta i umjetni\u010dke razmjene. Pohvalio je \u017dupanijske investicije posebno one vezane uz ulaganja u obrazovni sustav te se osvrnuo na demografske izazove, naglasiv\u0161i potrebu zajedni\u010dkih inicijativa u tom segmentu. Veleposlanik je zaklju\u010dio kako u Koprivni\u010dko-kri\u017eeva\u010dkoj \u017eupaniji vidi zna\u010dajne mogu\u0107nosti za suradnju i zajedni\u010dke projekte.<\/p>\n<p>\u017dupan Koren u nastavku susreta istaknuo je povezanost Hrvatske i Italije, naglasiv\u0161i povijesne i kulturne srodnosti dviju zemalja koje predstavljaju temelj za daljnji razvoj prijateljskih i poslovnih odnosa. Izra\u017eena je obostrana spremnost za daljnji razvoj suradnje koja bi dodatno oja\u010dala prijateljske odnose.<\/p>\n<p>Nakon sastanka \u017eupan je veleposlaniku uru\u010dio fotomonografiju Koprivni\u010dko-kri\u017eeva\u010dke \u017eupanije kao simboli\u010dan poklon u kojoj su predstavljene brojne prirodne ljepote, kulturna ba\u0161tina te bogata povijest i tradicija na\u0161e \u017eupanije.<\/p>\n<div class=\"clr\"><\/div>\n<p>&nbsp;<\/p>\n","protected":false},"excerpt":{"rendered":"<p>U \u017dupanijskoj upravi danas je uprili\u010den slu\u017ebeni prijem za veleposlanika Republike Italije u Republici Hrvatskoj, Nj. E. Paola Trichila. Veleposlanika su u nastupnom posjetu primili \u017eupan Darko Koren, zamjenik \u017eupana Ratimir Ljubi\u0107, \u017eupanijski pro\u010delnici Darko Masnec i Marijan \u0160timac, ravnateljica PORA-e Regionalne razvojne agencije Koprivni\u010dko-kri\u017eeva\u010dke \u017eupanije Melita Bir\u010di\u0107 te vi\u0161i savjetnik-specijalist za europske fondove Vladimir [&hellip;]<\/p>\n","protected":false},"author":6,"featured_media":4351,"comment_status":"open","ping_status":"open","sticky":false,"template":"","format":"standard","meta":{"footnotes":""},"categories":[1,2],"tags":[],"class_list":["post-4350","post","type-post","status-publish","format-standard","has-post-thumbnail","hentry","category-vijesti-iz-hrvatske","category-zupanijske-vijesti"],"_links":{"self":[{"href":"https:\/\/kopriva.info\/wp\/wp-json\/wp\/v2\/posts\/4350","targetHints":{"allow":["GET"]}}],"collection":[{"href":"https:\/\/kopriva.info\/wp\/wp-json\/wp\/v2\/posts"}],"about":[{"href":"https:\/\/kopriva.info\/wp\/wp-json\/wp\/v2\/types\/post"}],"author":[{"embeddable":true,"href":"https:\/\/kopriva.info\/wp\/wp-json\/wp\/v2\/users\/6"}],"replies":[{"embeddable":true,"href":"https:\/\/kopriva.info\/wp\/wp-json\/wp\/v2\/comments?post=4350"}],"version-history":[{"count":1,"href":"https:\/\/kopriva.info\/wp\/wp-json\/wp\/v2\/posts\/4350\/revisions"}],"predecessor-version":[{"id":4352,"href":"https:\/\/kopriva.info\/wp\/wp-json\/wp\/v2\/posts\/4350\/revisions\/4352"}],"wp:featuredmedia":[{"embeddable":true,"href":"https:\/\/kopriva.info\/wp\/wp-json\/wp\/v2\/media\/4351"}],"wp:attachment":[{"href":"https:\/\/kopriva.info\/wp\/wp-json\/wp\/v2\/media?parent=4350"}],"wp:term":[{"taxonomy":"category","embeddable":true,"href":"https:\/\/kopriva.info\/wp\/wp-json\/wp\/v2\/categories?post=4350"},{"taxonomy":"post_tag","embeddable":true,"href":"https:\/\/kopriva.info\/wp\/wp-json\/wp\/v2\/tags?post=4350"}],"curies":[{"name":"wp","href":"https:\/\/api.w.org\/{rel}","templated":true}]}}