{"id":2712,"date":"2024-02-20T12:27:44","date_gmt":"2024-02-20T11:27:44","guid":{"rendered":"https:\/\/kopriva.info\/wp\/?p=2712"},"modified":"2024-02-20T12:27:44","modified_gmt":"2024-02-20T11:27:44","slug":"proglaseni-najuspjesniji-sportasi-sportske-ekipe-i-sportski-djelatnici-koprivnicko-krizevacke-zupanije-u-2023-godini","status":"publish","type":"post","link":"https:\/\/kopriva.info\/wp\/2024\/02\/20\/proglaseni-najuspjesniji-sportasi-sportske-ekipe-i-sportski-djelatnici-koprivnicko-krizevacke-zupanije-u-2023-godini\/","title":{"rendered":"Progla\u0161eni najuspje\u0161niji sporta\u0161i, sportske ekipe i sportski djelatnici Koprivni\u010dko-kri\u017eeva\u010dke \u017eupanije u 2023. godini"},"content":{"rendered":"<p>U organizaciji Zajednice sportova Koprivni\u010dko-kri\u017eeva\u010dke \u017eupanije, danas je u Domu mladih u Koprivnici odr\u017eano sve\u010dano progla\u0161enje najuspje\u0161nijih sporta\u0161ica, sporta\u0161a, sportskih ekipa i sportskih djelatnika Koprivni\u010dko-kri\u017eeva\u010dke \u017eupanije u 2023. godini. Sve\u010danosti su prisustvovali \u017eupan Darko Koren, zamjenik \u017eupana Ratimir Ljubi\u0107, pro\u010delnica Ana Mu\u0161lek te ispred Grada Koprivnice predsjednik Gradskog vije\u0107a Ivan Pal.<br \/>\nOkupljene je na po\u010detku sve\u010danosti pozdravio predsjednik Zajednice sportova Koprivni\u010dko-kri\u017eeva\u010dke \u017eupanije Stanislav Lovkovi\u0107 koji je uz \u010destitke svim sporta\u0161ima, klubovima i djelatnicima zahvalio \u017dupaniji i jedinicama lokalne samouprave te gradskim sportskim zajednicama na odli\u010dnoj suradnji tijekom protekle godine \u0161to je u kona\u010dnici i dovelo do dobrih rezultata na\u0161ih sporta\u0161a.<br \/>\n\u201ePonosni smo na vas i va\u0161e vrhunske rezultate kojima promovirate sredine iz kojih dolazite, na\u0161u \u017eupaniju i Republiku Hrvatsku. Svjesni smo da rezultati nisu do\u0161li slu\u010dajno, ve\u0107 da je iza toga marljiv rad te mnogo zalaganja i odricanja\u201c, poru\u010dio je Lovkovi\u0107 te podsjetio da je uz sredstva \u017dupanije koja su i ove godine pove\u0107ana, \u017dupanijska Zajednica sportova osigurala i sredstva za potporu i razvoj sporta na lokalnoj razini iz dr\u017eavnog prora\u010duna putem Ministarstva turizma i sporta.<br \/>\n\u017dupan Koren je istaknuo kako je sport jedna od najva\u017enijih sastavnica dru\u0161tva te jedinica lokalne i regionalne samouprave.<br \/>\n\u201eNA svim razinama na\u0161i sporta\u0161i ostvaruju vrhunske rezultate, a posebno smo ponosni jer smo geografski mala \u017eupanija koja se mo\u017ee pohvaliti vrhunskim sportom i masovno\u0161\u0107u kroz \u0161kolski sport. Na\u0161a je uloga tu poprili\u010dno va\u017ena jer je bitno mlade generacije usmjeravati da se bave sportom. Poti\u010demo \u0161kolski sport kroz aktivnosti mladih, a taj \u0107emo segment i dodatno poja\u010dati. Svim sporta\u0161icama i sporta\u0161ima, trenerima, mentorima, klubovima i sponzorima koji vas prate na va\u0161em sportskom putu od srca \u010destitam na rezultatima i \u017eelim vam mnogo sportskih uspjeha u budu\u0107nosti\u201c, rekao je \u017eupan.<br \/>\n\u010cestitku je uputio i predsjednik Gradskog vije\u0107a Grada Koprivnice Ivan Pal koji je istaknuo kako Koprivni\u010dko-kri\u017eeva\u010dka \u017eupanija kroz zajednicu brine o sporta\u0161ima.<br \/>\n\u201eU posljednjih godinu, dvije otvoreno je pet novih dvorana, obnavljaju se igrali\u0161ta, a i odnos sa Zajednicom \u0161portskih udruga Grada Koprivnice je jako dobar. \u017dupanija financira i \u0161kolu plivanja u svim tre\u0107im razredima osnovnih \u0161kola, a to ima rijetko koja \u017eupanija. \u017delim svim sporta\u0161ima dalnje uspjehe i da se dru\u0161tvo ugleda na vas\u201c, kazao je predsjednik Pal.<br \/>\nUime svih nagra\u0111enih obratio se zaslu\u017eni sportski djelatnik Darko Jambrekovi\u0107 koji je zahvalio na priznanju te istaknuo va\u017enost sinergije sporta, lokalne zajednice i gospodarskih subjekata koji nesebi\u010dno ula\u017eu u razvoj sporta.<br \/>\nNakon zahvala dodijeljena su i priznanja.<br \/>\nNajuspje\u0161nija sporta\u0161ica u 2023. godini je Lana Nogi\u0107 iz Hrva\u010dkog kluba Podravka, dok je najuspje\u0161niji sporta\u0161 Mihael \u0160estak iz Ronila\u010dkog kluba \u0160oderica.<br \/>\nRukometa\u0161ice Podravka Vegete najbolja su \u017eenska sportska ekipa u \u017eupaniji pro\u0161le godine, a seniorska ekipa \u0160portskog Strelja\u010dkog kluba \u201cPodravina\u201d Koprivnica najuspje\u0161nija je mu\u0161ka ekipa u pro\u0161loj godini.<br \/>\nNajuspje\u0161nijom perspektivnom sporta\u0161icom u 2023. progla\u0161ena je Gabriela Vencl iz Boks kluba David iz Koprivnice, dok je Dorian Jakopanec iz Jet ski kluba \u201cRacer\u201d Koprivnica najuspje\u0161niji perspektivni sporta\u0161.<br \/>\nMe\u0111u perspektivnim ekipama, najuspje\u0161nija \u017eenska je U16 ekipa RK Podravke, a najuspje\u0161nija mu\u0161ka je kadetska ekipa Strelja\u010dkog kluba \u201eKRI\u017dEVCI 1252\u201c iz Kri\u017eevaca.<br \/>\nMe\u0111u sporta\u0161ima s invaliditetom nagradu je ponijela Iva \u0160ola iz \u0160portske udruge slijepih Koprivni\u010dko-kri\u017eeva\u010dke \u017eupanije \u201cPodravina\u201d kao najsporta\u0161ica, a najbolji sporta\u0161 s invaliditetom je Ivica Feren\u010di\u0107 iz iste udruge.<br \/>\nNajuspje\u0161nija \u017eenska sportska ekipa osoba s invaliditetom u 2023. godini je \u017eenska ekipa vise\u0107e kuglane osoba sa invaliditetom, a najuspje\u0161nija mu\u0161ka sportska ekipa osoba s invaliditetom je Sportski klub vise\u0107e kuglane osoba s invaliditetom KK\u017d.<br \/>\nPriznanja za izuzetna postignu\u0107a u \u017eupanijskom sportu u 2023. godini dobili su Matija Berend iz Boksa\u010dkog kluba \u201cRonin\u201d Kri\u017eevci te Tatjana \u0160tajduhar i Sanja Ore\u0161ki iz \u0160RK \u201cKoprivnica\u201d. Nagradu za izuzetno postignu\u0107e dobio je i NK Radnik Kri\u017eevci. Najuspje\u0161nijim trenerom u 2023. progla\u0161en je Dragutin Sa\u010dari\u0107, a zaslu\u017enim sportskim djelatnikom Darko Jambrekovi\u0107.<\/p>\n","protected":false},"excerpt":{"rendered":"<p>U organizaciji Zajednice sportova Koprivni\u010dko-kri\u017eeva\u010dke \u017eupanije, danas je u Domu mladih u Koprivnici odr\u017eano sve\u010dano progla\u0161enje najuspje\u0161nijih sporta\u0161ica, sporta\u0161a, sportskih ekipa i sportskih djelatnika Koprivni\u010dko-kri\u017eeva\u010dke \u017eupanije u 2023. godini. Sve\u010danosti su prisustvovali \u017eupan Darko Koren, zamjenik \u017eupana Ratimir Ljubi\u0107, pro\u010delnica Ana Mu\u0161lek te ispred Grada Koprivnice predsjednik Gradskog vije\u0107a Ivan Pal. Okupljene je na po\u010detku [&hellip;]<\/p>\n","protected":false},"author":6,"featured_media":2713,"comment_status":"open","ping_status":"open","sticky":false,"template":"","format":"standard","meta":{"footnotes":""},"categories":[2],"tags":[],"class_list":["post-2712","post","type-post","status-publish","format-standard","has-post-thumbnail","hentry","category-zupanijske-vijesti"],"_links":{"self":[{"href":"https:\/\/kopriva.info\/wp\/wp-json\/wp\/v2\/posts\/2712","targetHints":{"allow":["GET"]}}],"collection":[{"href":"https:\/\/kopriva.info\/wp\/wp-json\/wp\/v2\/posts"}],"about":[{"href":"https:\/\/kopriva.info\/wp\/wp-json\/wp\/v2\/types\/post"}],"author":[{"embeddable":true,"href":"https:\/\/kopriva.info\/wp\/wp-json\/wp\/v2\/users\/6"}],"replies":[{"embeddable":true,"href":"https:\/\/kopriva.info\/wp\/wp-json\/wp\/v2\/comments?post=2712"}],"version-history":[{"count":1,"href":"https:\/\/kopriva.info\/wp\/wp-json\/wp\/v2\/posts\/2712\/revisions"}],"predecessor-version":[{"id":2714,"href":"https:\/\/kopriva.info\/wp\/wp-json\/wp\/v2\/posts\/2712\/revisions\/2714"}],"wp:featuredmedia":[{"embeddable":true,"href":"https:\/\/kopriva.info\/wp\/wp-json\/wp\/v2\/media\/2713"}],"wp:attachment":[{"href":"https:\/\/kopriva.info\/wp\/wp-json\/wp\/v2\/media?parent=2712"}],"wp:term":[{"taxonomy":"category","embeddable":true,"href":"https:\/\/kopriva.info\/wp\/wp-json\/wp\/v2\/categories?post=2712"},{"taxonomy":"post_tag","embeddable":true,"href":"https:\/\/kopriva.info\/wp\/wp-json\/wp\/v2\/tags?post=2712"}],"curies":[{"name":"wp","href":"https:\/\/api.w.org\/{rel}","templated":true}]}}