{"id":1879,"date":"2023-09-21T22:51:11","date_gmt":"2023-09-21T20:51:11","guid":{"rendered":"https:\/\/kopriva.info\/wp\/?p=1879"},"modified":"2023-09-21T22:51:11","modified_gmt":"2023-09-21T20:51:11","slug":"program-30-podravskih-motiva-koprivnica-30-rujna-i-01-listopada-2023-godine","status":"publish","type":"post","link":"https:\/\/kopriva.info\/wp\/2023\/09\/21\/program-30-podravskih-motiva-koprivnica-30-rujna-i-01-listopada-2023-godine\/","title":{"rendered":"PROGRAM 30. PODRAVSKIH MOTIVA Koprivnica, 30. rujna i 01. listopada 2023. godine"},"content":{"rendered":"<p>Galerija Koprivnica 08.09. \u2013 22.10.2023. \u2013 izlo\u017eba \u201eVa\u017eno je zvati se Ivan\u201c;<br \/>\n10.00-18.00 sati \u2013 ulaz slobodan<br \/>\nGalerija Mijo Kova\u010di\u0107, 30.09.-01.10.2023., 10.00-18.00 sati<br \/>\nstalni postav &#8211; ulaz slobodan<br \/>\nGalerija naivne umjetnosti, Hlebine<br \/>\nGodi\u0161nja izlo\u017eba Udruge hlebinskih slikara i kipara<br \/>\nradno vrijeme za Podravske motive, 14.09.-01.10.2023. 10.00-14.00 sati<\/p>\n<p>30. rujna \u2013 SUBOTA<br \/>\nZrinski trg<br \/>\n09.00 &#8211; 20.00 &#8211; \u201eMo\u0161t i kostanji\u201c \u2013 pe\u010deni kostanji, mo\u0161t, gljive, tikve, koprive i<br \/>\nostali jesenski plodovi<br \/>\n09.00 &#8211; 20.00 &#8211; Sajam naivne umjetnosti \u2013 prikaz tehnike slikarstva Hlebinske<br \/>\n\u0161kole i kiparstva Podravine<br \/>\n09.00 &#8211; 20.00 &#8211; Sajam tradicijskih i umjetni\u010dkih obrta<br \/>\n10.30 &#8211; Slu\u017ebeno otvorenje 30. Podravskih motiva<br \/>\n&#8211; nastup folklornog ansambla Koprivnica<br \/>\n&#8211; Puha\u010dki orkestar grada Koprivnice<\/p>\n<p>&#8211; Cooking show gastro promotora, degustacija za posjetitelje (Podravka)<br \/>\n10.00 &#8211; 13.00 \u2013 Lino igraonica (Podravka)<br \/>\n17.00 &#8211; 19.00 \u2013 Lino igraonica (Podravka)<br \/>\nPozornica<br \/>\n15.30 \u2013 16.00 \u2013 Udruga \u201ePrekodravski zvon\u201c Gola<\/p>\n<p>15. Me\u0111unarodni susreti dje\u010djih folklornih grupa \u201eU bakinom krilu\u201c u<br \/>\norganizaciji Folklornog ansambla \u201eKoprivnica\u201c sadr\u017eavat \u0107e:<br \/>\n16.00 -18.30 &#8211; koncert &#8211; gostuju\u0107e grupe i FA Koprivnica<br \/>\n&#8211; FG Hajdenjaki, Dolnja Pulja, Austrija<br \/>\n&#8211; AFS Student, Maribor, Slovenija<br \/>\n&#8211; KUD Croatia, Zagreb<br \/>\n&#8211; KUD Klarus, Maru\u0161evec<br \/>\n&#8211; HKUD Zrinski, Vrbovec<\/p>\n<p>Pozornica \u2013 ve\u010dernji sati<br \/>\n19.00 \u2013 20:30 &#8211; Veja<br \/>\n01. listopada \u2013 NEDJELJA<br \/>\nZrinski trg<br \/>\n09.00 &#8211; 20.00 &#8211; \u201eMo\u0161t i kostanji\u201c \u2013 pe\u010deni kostanji, mo\u0161t, gljive, tikve, koprive i<br \/>\nostali jesenski plodovi<br \/>\n09.00 &#8211; 20.00 &#8211; Sajam naivne umjetnosti \u2013 prikaz tehnike slikarstva Hlebinske<br \/>\n\u0161kole i kiparstva Podravine<br \/>\n09.00 &#8211; 20.00 &#8211; Sajam tradicijskih i umjetni\u010dkih obrta<br \/>\n10.00 &#8211; 12.00 &#8211; Prodajna izlo\u017eba kola\u010da udruga \u017eena uz Dolcelu<br \/>\n10.00 &#8211; 13.00 \u2013 Lino igraonica (Podravka)<br \/>\n17.00 &#8211; 19.00 \u2013 Lino igraonica (Podravka)<\/p>\n<p>Pozornica<br \/>\n15.30 \u201316.00 &#8211; \u017eenski vokalni sastav Udruge prijatelja kulture \u201eVLADO<br \/>\nDOLENEC\u201c iz Koprivni\u010dkih Bregi<br \/>\n16.00 &#8211; 18.00 &#8211; koncert &#8211; KUD Srce Koprivnica i prijatelji<br \/>\n&#8211; KUD \u201eKo\u0161kani\u201c Ko\u0161ka<br \/>\n&#8211; KUD \u201eVeliko Trojstvo\u201c<br \/>\n&#8211; KUD Mihovil Kru\u0161lin<\/p>\n<p>&#8211; HORKUD \u201eGolub\u201c Bjelovar<br \/>\n&#8211; HKD \u201ePomurje\u201c, Lendava, Slovenija<\/p>\n<p>18.00 \u2013 SLU\u017dBENO ZATVARANJE 30. PODRAVSKIH MOTIVA<br \/>\n18.30 &#8211; 19.00 \u2013 Mje\u0161oviti pjeva\u010dki zbor umirovljenika \u201eKoprivnica\u201c<br \/>\nPozornica \u2013 ve\u010dernji sati<br \/>\n19.00 &#8211; 20.30 \u2013 Cure iz centra<\/p>\n<p>Napomena:<br \/>\nU slu\u010daju lo\u0161eg vremena<br \/>\n&#8211; koncert KUD SRCE KOPRIVNICA odr\u017eat \u0107e se u DOM-u MLADIH KOPRIVNICA<br \/>\n&#8211; koncert gostuju\u0107e grupe i FA Koprivnica odr\u017eat \u0107e se u dvorani DOMOLJUB<\/p>\n<p>Organizator pridr\u017eava pravo izmjene i dopune programa.<\/p>\n","protected":false},"excerpt":{"rendered":"<p>Galerija Koprivnica 08.09. \u2013 22.10.2023. \u2013 izlo\u017eba \u201eVa\u017eno je zvati se Ivan\u201c; 10.00-18.00 sati \u2013 ulaz slobodan Galerija Mijo Kova\u010di\u0107, 30.09.-01.10.2023., 10.00-18.00 sati stalni postav &#8211; ulaz slobodan Galerija naivne umjetnosti, Hlebine Godi\u0161nja izlo\u017eba Udruge hlebinskih slikara i kipara radno vrijeme za Podravske motive, 14.09.-01.10.2023. 10.00-14.00 sati 30. rujna \u2013 SUBOTA Zrinski trg 09.00 &#8211; [&hellip;]<\/p>\n","protected":false},"author":6,"featured_media":1880,"comment_status":"open","ping_status":"open","sticky":false,"template":"","format":"standard","meta":{"footnotes":""},"categories":[1],"tags":[],"class_list":["post-1879","post","type-post","status-publish","format-standard","has-post-thumbnail","hentry","category-vijesti-iz-hrvatske"],"_links":{"self":[{"href":"https:\/\/kopriva.info\/wp\/wp-json\/wp\/v2\/posts\/1879","targetHints":{"allow":["GET"]}}],"collection":[{"href":"https:\/\/kopriva.info\/wp\/wp-json\/wp\/v2\/posts"}],"about":[{"href":"https:\/\/kopriva.info\/wp\/wp-json\/wp\/v2\/types\/post"}],"author":[{"embeddable":true,"href":"https:\/\/kopriva.info\/wp\/wp-json\/wp\/v2\/users\/6"}],"replies":[{"embeddable":true,"href":"https:\/\/kopriva.info\/wp\/wp-json\/wp\/v2\/comments?post=1879"}],"version-history":[{"count":2,"href":"https:\/\/kopriva.info\/wp\/wp-json\/wp\/v2\/posts\/1879\/revisions"}],"predecessor-version":[{"id":1882,"href":"https:\/\/kopriva.info\/wp\/wp-json\/wp\/v2\/posts\/1879\/revisions\/1882"}],"wp:featuredmedia":[{"embeddable":true,"href":"https:\/\/kopriva.info\/wp\/wp-json\/wp\/v2\/media\/1880"}],"wp:attachment":[{"href":"https:\/\/kopriva.info\/wp\/wp-json\/wp\/v2\/media?parent=1879"}],"wp:term":[{"taxonomy":"category","embeddable":true,"href":"https:\/\/kopriva.info\/wp\/wp-json\/wp\/v2\/categories?post=1879"},{"taxonomy":"post_tag","embeddable":true,"href":"https:\/\/kopriva.info\/wp\/wp-json\/wp\/v2\/tags?post=1879"}],"curies":[{"name":"wp","href":"https:\/\/api.w.org\/{rel}","templated":true}]}}