{"id":1216,"date":"2023-06-13T13:26:51","date_gmt":"2023-06-13T11:26:51","guid":{"rendered":"https:\/\/kopriva.info\/wp\/?p=1216"},"modified":"2023-06-13T13:26:51","modified_gmt":"2023-06-13T11:26:51","slug":"odrzana-12-sjednica-zupanijske-skupstine-kkz","status":"publish","type":"post","link":"https:\/\/kopriva.info\/wp\/2023\/06\/13\/odrzana-12-sjednica-zupanijske-skupstine-kkz\/","title":{"rendered":"Odr\u017eana 12. sjednica \u017dupanijske skup\u0161tine KK\u017d"},"content":{"rendered":"<p>U prostoru Gradske vije\u0107nice u Koprivnici ju\u010der je odr\u017eana 12. sjednica \u017dupanijske skup\u0161tine Koprivni\u010dko-kri\u017eeva\u010dke \u017eupanije na kojoj su \u010dlanovi raspravljali o 23 to\u010dke dnevnog reda. Sjednicu je vodio predsjednik Skup\u0161tine Damir Felak, a prisustvovali su joj \u017eupan Darko Koren i zamjenik \u017eupana Ratimir Ljubi\u0107.<br \/>\nNa po\u010detku sjednice vije\u0107nici su donijeli Odluku o po\u010detku mirovanja mandata i po\u010detku obna\u0161anja du\u017enosti zamjenice \u010dlana \u017dupanijske skup\u0161tine Koprivni\u010dko-kri\u017eeva\u010dke \u017eupanije koje je predstavila predsjednica Mandatnog povjerenstva Verica Rup\u010di\u0107.. Tako \u0107e Darka Marki\u0107a izabranog s liste Socijaldemokratske partije Hrvatske, Hrvatsko-socijalno liberalne stranke i Gra\u0111ansko-liberalnog saveza zamijeniti Sanja Horvat iz Koprivnice.<br \/>\n\u017dupanijska skup\u0161tina je potom jednoglasno\/ve\u0107inom glasova donijela  Odluku o raspodjeli rezultata Koprivni\u010dko-kri\u017eeva\u010dke \u017eupanije utvr\u0111enog na  31. prosinca 2022. godine i sukcesivnom pokri\u0107u manjka, Zaklju\u010dak o davanju suglasnosti na Odluku Op\u0107e bolnica &#8220;Dr. Tomislav Bardek&#8221; Koprivnica o osnivanju prava gra\u0111enja, Odluku o mrtvozorstvu te Odluku o pro\u0161irenju djelatnosti Doma zdravlja Koprivni\u010dko-kri\u017eeva\u010dke \u017eupanije i Odluku o pro\u0161irenju djelatnosti Zavoda za javno zdravstvo Koprivni\u010dko-kri\u017eeva\u010dke \u017eupanije.<br \/>\n\u010clanovi su podr\u017eali i Izvje\u0161\u0107e o problematici nezaposlenosti i zapo\u0161ljavanja iz evidencije nazaposlenih na podru\u010dju KK\u017d za 2022. godinu te Izvje\u0161\u0107e o radu Vatrogasne zajednice KK\u017d i Izvje\u0161\u0107e o stanju za\u0161tite od po\u017eara na podru\u010dju KK\u017d te stanju provedbe Godi\u0161njeg provedbenog plana unapre\u0111enja za\u0161tite od po\u017eara za podru\u010dje KK\u017d za 2022. godinu koja su predstavili predstojnica HZZZ-a \u2013 Podru\u010dni ured Kri\u017eevci Vesna Kuterovac i \u017eupanijski vatrogasni zapovjednik Zvonimir Habijan.<br \/>\nRavnateljica PORE Regionalne razvojne agencije KK\u017d Melita Bir\u010di\u0107 predstavila je Izvje\u0161\u0107e o radu za 2022. godinu, potom je Izvje\u0161\u0107e o radu i utro\u0161ku sredstava Zavoda za prostorno ure\u0111enje KK\u017d predstavio ravnatelj Zlatko Filipovi\u0107 dok je ravnateljica Javne ustanove za upravljanje za\u0161ti\u0107enim dijelovima prirode na podru\u010dju KK\u017d \u017deljka Kolar predstavila Izvje\u0161\u0107e o ostvarivanju godi\u0161njeg programa rada te Financijsko izvje\u0161\u0107e.<br \/>\nVije\u0107nici su podr\u017eali i Izvje\u0161\u0107e o radu i financijskim rezultatima zdravstvenih ustanova za 2022. godinu Op\u0107e bolnice &#8220;Dr. Tomislav Bardek&#8221; Koprivnica, Doma zdravlja KK\u017d, Zavoda za javno zdravstvo KK\u017d, Zavoda za hitnu medicinu KK\u017d,<br \/>\nLjekarni Koprivnica i Ljekarne Kri\u017eevci te Izvje\u0161\u0107e o radu i izvr\u0161enju financijskog plana Doma za starije i  nemo\u0107ne osobe Koprivnica za 2022. godinu koje su predstavili ravnatelji ustanova Mato Dev\u010di\u0107, Mirjana Han\u017eekovi\u0107, Dra\u017eenka Vadla, Zlatica Ku\u010dko Gudelj, Irena Hadelan, Mirela Martinovi\u0107 i \u017deljka Koluder-Vlahinja.<br \/>\nPredsjednik Savjeta za razvoj civilnog dru\u0161tva u KK\u017d Robert Vuli\u0107 je podnio Izvje\u0161\u0107e o radu koje je usvojeneo, a zamjenik \u017eupana Ljubi\u0107 je vije\u0107nicima predstavio Izvje\u0161\u0107e o provedbi Akcijskog plana za socijalno uklju\u010divanje Roma u KK\u017d za razdoblje od 2022. do 2027. Godine. Donesena je i Odluka o otpisu  potra\u017eivanja Koprivni\u010dko-kri\u017eeva\u010dke \u017eupanije po kreditima odobrenima od strane Koprivni\u010dko-kri\u017eeva\u010dke \u017eupanije za kreditiranje razvitka i obnove poljoprivrede te<br \/>\n4. izmjena i dopuna Plana specijalisti\u010dkog usavr\u0161avanja zdravstvenih radnika  za petogodi\u0161nje razdoblje (2020.-2024.) Koprivni\u010dko-kri\u017eeva\u010dke \u017eupanije.<br \/>\nVije\u0107nici su jednoglasno donijeli i Rje\u0161enje o imenovanju predsjednika i \u010dlanova Povjerenstva za procjenu \u0161teta od prirodnih nepogoda KK\u017d, Rje\u0161enja o imenovanju Povjerenstva za nadzor nad radom mrtvozornika na podru\u010dju KK\u017d te Odluku o izmjeni Odluke o raspore\u0111ivanju sredstava za financiranje politi\u010dkih stranaka i nezavisnih \u010dlanova izabranih u \u017dupanijsku skup\u0161tinu Koprivni\u010dko-kri\u017eeva\u010dke \u017eupanije za 2023. godinu.<br \/>\n\u017dupanijska skup\u0161tina je donijela i Rje\u0161enja o izmjeni Rje\u0161enja o izboru predsjednika, potpredsjednika i \u010dlanova: Odbora za izbor i imenovanja \u017dupanijske skup\u0161tine Koprivni\u010dko-kri\u017eeva\u010dke \u017eupanije, Odbora za poljoprivredu i \u0161umarstvo \u017dupanijske skup\u0161tine Koprivni\u010dko-kri\u017eeva\u010dke \u017eupanije te Odbora za obrazovanje, kulturu, znanost, sport i nacioanlne manjine \u017dupanijske skup\u0161tine Koprivni\u010dko-kri\u017eeva\u010dke \u017eupanije.<\/p>\n","protected":false},"excerpt":{"rendered":"<p>U prostoru Gradske vije\u0107nice u Koprivnici ju\u010der je odr\u017eana 12. sjednica \u017dupanijske skup\u0161tine Koprivni\u010dko-kri\u017eeva\u010dke \u017eupanije na kojoj su \u010dlanovi raspravljali o 23 to\u010dke dnevnog reda. Sjednicu je vodio predsjednik Skup\u0161tine Damir Felak, a prisustvovali su joj \u017eupan Darko Koren i zamjenik \u017eupana Ratimir Ljubi\u0107. Na po\u010detku sjednice vije\u0107nici su donijeli Odluku o po\u010detku mirovanja mandata [&hellip;]<\/p>\n","protected":false},"author":6,"featured_media":1217,"comment_status":"open","ping_status":"open","sticky":false,"template":"","format":"standard","meta":{"footnotes":""},"categories":[2],"tags":[],"class_list":["post-1216","post","type-post","status-publish","format-standard","has-post-thumbnail","hentry","category-zupanijske-vijesti"],"_links":{"self":[{"href":"https:\/\/kopriva.info\/wp\/wp-json\/wp\/v2\/posts\/1216","targetHints":{"allow":["GET"]}}],"collection":[{"href":"https:\/\/kopriva.info\/wp\/wp-json\/wp\/v2\/posts"}],"about":[{"href":"https:\/\/kopriva.info\/wp\/wp-json\/wp\/v2\/types\/post"}],"author":[{"embeddable":true,"href":"https:\/\/kopriva.info\/wp\/wp-json\/wp\/v2\/users\/6"}],"replies":[{"embeddable":true,"href":"https:\/\/kopriva.info\/wp\/wp-json\/wp\/v2\/comments?post=1216"}],"version-history":[{"count":1,"href":"https:\/\/kopriva.info\/wp\/wp-json\/wp\/v2\/posts\/1216\/revisions"}],"predecessor-version":[{"id":1218,"href":"https:\/\/kopriva.info\/wp\/wp-json\/wp\/v2\/posts\/1216\/revisions\/1218"}],"wp:featuredmedia":[{"embeddable":true,"href":"https:\/\/kopriva.info\/wp\/wp-json\/wp\/v2\/media\/1217"}],"wp:attachment":[{"href":"https:\/\/kopriva.info\/wp\/wp-json\/wp\/v2\/media?parent=1216"}],"wp:term":[{"taxonomy":"category","embeddable":true,"href":"https:\/\/kopriva.info\/wp\/wp-json\/wp\/v2\/categories?post=1216"},{"taxonomy":"post_tag","embeddable":true,"href":"https:\/\/kopriva.info\/wp\/wp-json\/wp\/v2\/tags?post=1216"}],"curies":[{"name":"wp","href":"https:\/\/api.w.org\/{rel}","templated":true}]}}