{"id":1179,"date":"2023-06-10T15:40:12","date_gmt":"2023-06-10T13:40:12","guid":{"rendered":"https:\/\/kopriva.info\/wp\/?p=1179"},"modified":"2023-06-10T15:40:12","modified_gmt":"2023-06-10T13:40:12","slug":"vatrogasna-zajednica-kkz-obiljezila-30-obljetnicu-rada-2","status":"publish","type":"post","link":"https:\/\/kopriva.info\/wp\/2023\/06\/10\/vatrogasna-zajednica-kkz-obiljezila-30-obljetnicu-rada-2\/","title":{"rendered":"Vatrogasna zajednica KK\u017d obilje\u017eila 30. obljetnicu rada"},"content":{"rendered":"<p>U prostorijama Dobrovoljnog vatrogasnog dru\u0161tva Sveti Petar Orehovec u srijedu, 7. lipnja<br \/>\nodr\u017eana je redovna izvje\u0161tajna skup\u0161tina Vatrogasne zajednice Koprivni\u010dko-kri\u017eeva\u010dke<br \/>\n\u017eupanije na kojoj je obilje\u017eena i 30. obljetnica postojanja i rada Zajednice. Sve\u010danosti su<br \/>\nispred Koprivni\u010dko-kri\u017eeva\u010dke \u017eupanije prisustvovali \u017eupan Darko Koren sa zamjenikom<br \/>\nRatimirom Ljubi\u0107em, pro\u010delnica Ureda \u017eupana Melita Ivan\u010di\u0107 te \u017eupanijski vatrogasni<br \/>\nzapovjednik Zvonimir Habijan i predsjednik VZ\u017d Darko Pala\u0161.<br \/>\nNa samom po\u010detku okupljenima su se obratili predsjednik DVD Sveti Petar Orehovec<br \/>\nDragutin Hendelja i na\u010delnik Op\u0107ine Sveti Petar Orehovec Franjo Poljak, nakon \u010dega su<br \/>\npodneseni &#8211; zajedni\u010dko izvje\u0161\u0107e o radu Predsjedni\u0161tva i Zapovjedni\u0161tva\u00a0 Zajednice te izvje\u0161\u0107e<br \/>\nNadzornog odbora i Verifikacijskog povjerenstva, a \u010dlanovi su upoznati i s prijavama<br \/>\nvatrogasnih organizacija za financiranje iz EU fondova.<br \/>\nPrisutnima se obratio i \u017eupan Koren koji je tom prilikom istaknuo kako \u017dupanija predano radi<br \/>\nna razvoju vatrogastva.<br \/>\n\u201eVatrogastvo se moralo prilagoditi novom vremenu, zahtjevnim uvjetima rada i iznimno smo<br \/>\nzadovoljni \u0161to Zajednica tako uspje\u0161no funkcionira. \u017dupanija podr\u017eava vatrogastvo u svim<br \/>\naspektima, izdvajamo i vi\u0161e nego to nala\u017eu zakonske obaveze, no to je ulaganje koje nema<br \/>\nalternative i tako \u0107emo i nastaviti jer smo svjesni koliko je u dana\u0161njem vremenu segment<br \/>\nvatrogastva i sigurnosti va\u017ean za zajednicu\u201c, poru\u010dio je \u017eupan i po\u017eelio uspje\u0161an nastavak<br \/>\nrada.<br \/>\nU sklopu sjednice su uru\u010dene prigodne Zahvalnice koje su dobili Marijan Kicivoj, Ivan<br \/>\nMatosovi\u0107, Kruno Vitelj i Bo\u017eidar \u0160tubelj, za odli\u010dnu suradnju i pomo\u0107 u radu i razvoju<br \/>\nZajednice Zahvalnice su dobili \u017eupan Darko Koren, zamjenik \u017eupana Ratimir Ljubi\u0107,<br \/>\npro\u010delnica Ureda \u017eupana Melita Ivan\u010di\u0107, referent poslova za\u0161tite i spa\u0161avanja Koprivni\u010dko-kri\u017eeva\u010dke \u017eupanije Kre\u0161imir \u0160kvorc te DVD Sveti Petar Orehovec za organizaciju i<br \/>\ndoma\u0107instvo 30. obljetnice VZ\u017d KK\u017d.<\/p>\n<p>Sjednici, koju su glazbenim programom uveli\u010dale \u010dlanice KUD-a Prigorec Sveti Petar<br \/>\nOrehovec, su prisustvovali i predsjednik Vatrogasne zajednice Krapinsko-zagorske \u017eupanije i<br \/>\ndopredsjednik\u00a0Hrvatske vatrogasne zajednice\u00a0 Stjepan Skuliber, predsjednik Vatrogasne<br \/>\nzajednice Me\u0111imurske \u017eupanije Mario Medved, predsjednik Vatrogasne zajednice<br \/>\nBjelovarsko-bilogorske \u017eupanije Silvestar \u0160tefovi\u0107, zapovjednik Vatrogasne zajednice<br \/>\nMe\u0111imurske \u017eupanije \u017deljko Nagy, predstavnik Ravnateljstva CZ Miroslav Bla\u017eoti\u0107 te<br \/>\npredstavnici i izaslanici Vatrogasnih zajednica op\u0107ina i gradova koji \u010dine \u010dlanice skup\u0161tine<br \/>\nVatrogasne zajednice Koprivni\u010dko-kri\u017eeva\u010dke \u017eupanije.<br \/>\nIzvor: VZ KK\u017d<\/p>\n","protected":false},"excerpt":{"rendered":"<p>U prostorijama Dobrovoljnog vatrogasnog dru\u0161tva Sveti Petar Orehovec u srijedu, 7. lipnja odr\u017eana je redovna izvje\u0161tajna skup\u0161tina Vatrogasne zajednice Koprivni\u010dko-kri\u017eeva\u010dke \u017eupanije na kojoj je obilje\u017eena i 30. obljetnica postojanja i rada Zajednice. Sve\u010danosti su ispred Koprivni\u010dko-kri\u017eeva\u010dke \u017eupanije prisustvovali \u017eupan Darko Koren sa zamjenikom Ratimirom Ljubi\u0107em, pro\u010delnica Ureda \u017eupana Melita Ivan\u010di\u0107 te \u017eupanijski vatrogasni zapovjednik Zvonimir [&hellip;]<\/p>\n","protected":false},"author":7,"featured_media":1180,"comment_status":"open","ping_status":"open","sticky":false,"template":"","format":"standard","meta":{"footnotes":""},"categories":[2],"tags":[],"class_list":["post-1179","post","type-post","status-publish","format-standard","has-post-thumbnail","hentry","category-zupanijske-vijesti"],"_links":{"self":[{"href":"https:\/\/kopriva.info\/wp\/wp-json\/wp\/v2\/posts\/1179","targetHints":{"allow":["GET"]}}],"collection":[{"href":"https:\/\/kopriva.info\/wp\/wp-json\/wp\/v2\/posts"}],"about":[{"href":"https:\/\/kopriva.info\/wp\/wp-json\/wp\/v2\/types\/post"}],"author":[{"embeddable":true,"href":"https:\/\/kopriva.info\/wp\/wp-json\/wp\/v2\/users\/7"}],"replies":[{"embeddable":true,"href":"https:\/\/kopriva.info\/wp\/wp-json\/wp\/v2\/comments?post=1179"}],"version-history":[{"count":1,"href":"https:\/\/kopriva.info\/wp\/wp-json\/wp\/v2\/posts\/1179\/revisions"}],"predecessor-version":[{"id":1181,"href":"https:\/\/kopriva.info\/wp\/wp-json\/wp\/v2\/posts\/1179\/revisions\/1181"}],"wp:featuredmedia":[{"embeddable":true,"href":"https:\/\/kopriva.info\/wp\/wp-json\/wp\/v2\/media\/1180"}],"wp:attachment":[{"href":"https:\/\/kopriva.info\/wp\/wp-json\/wp\/v2\/media?parent=1179"}],"wp:term":[{"taxonomy":"category","embeddable":true,"href":"https:\/\/kopriva.info\/wp\/wp-json\/wp\/v2\/categories?post=1179"},{"taxonomy":"post_tag","embeddable":true,"href":"https:\/\/kopriva.info\/wp\/wp-json\/wp\/v2\/tags?post=1179"}],"curies":[{"name":"wp","href":"https:\/\/api.w.org\/{rel}","templated":true}]}}